{"id":144439,"date":"2026-08-27T13:13:30","date_gmt":"2026-08-27T13:13:30","guid":{"rendered":"https:\/\/portomontenegro.com\/?p=144439"},"modified":"2026-08-28T08:29:00","modified_gmt":"2026-08-28T08:29:00","slug":"adriatic-film-awards-najavljen-na-sarajevo-film-festivalu","status":"publish","type":"post","link":"https:\/\/portomontenegro.com\/me\/adriatic-film-awards-najavljen-na-sarajevo-film-festivalu\/","title":{"rendered":"Adriatic Film Awards najavljen na Sarajevo Film Festivalu"},"content":{"rendered":"\t\t<div data-elementor-type=\"wp-post\" data-elementor-id=\"144439\" class=\"elementor elementor-144439 elementor-144432\" data-elementor-post-type=\"post\">\n\t\t\t\t<div class=\"elementor-element elementor-element-1ce018a e-flex e-con-boxed e-con e-parent\" data-id=\"1ce018a\" data-element_type=\"container\" data-e-type=\"container\">\n\t\t\t\t\t<div class=\"e-con-inner\">\n\t\t\t\t<div class=\"elementor-element elementor-element-0268ad5 elementor-widget elementor-widget-html\" data-id=\"0268ad5\" data-element_type=\"widget\" data-e-type=\"widget\" data-widget_type=\"html.default\">\n\t\t\t\t\t<article class=\"pm-afa-article\">\r\n\r\n    <div class=\"pm-article-inner\">\r\n\r\n        <header class=\"pm-article-header\">\r\n\r\n            <h1 class=\"pm-article-title\">\r\n                Adriatic Film Awards najavljen na Sarajevo Film Festivalu\r\n            <\/h1>\r\n\r\n        <\/header>\r\n\r\n        <div class=\"pm-article-body\">\r\n\r\n            <p class=\"pm-lead\">\r\n                <strong>Sarajevo, 17. avgust 2026. godine<\/strong> \u2013 U okviru Sarajevo Film Festivala odr\u017ean je doga\u0111aj posve\u0107en drugom izdanju Adriatic Film Awards (AFA), koji \u0107e od 23. do 25. oktobra u Porto Montenegru okupiti filmske i televizijske autore i profesionalce iz cijelog regiona.\r\n            <\/p>\r\n\r\n            <p>\r\n                AFA nagrade promovi\u0161u najbolje regionalno stvarala\u0161tvo i doprinose njegovoj ve\u0107oj me\u0111unarodnoj vidljivosti. Vi\u0161e od 800 \u010dlanova Filmske i TV Akademije Jadranske regije glasaju za ostvarenja s prostora biv\u0161e Jugoslavije u sezoni 2025\/2026.\r\n            <\/p>\r\n\r\n            <p>\r\n                <strong>Direktor Sarajevo Film Festivala Jovan Marjanovi\u0107<\/strong> pozdravio je prisutne na po\u010detku doga\u0111aja, isti\u010du\u0107i zadovoljstvo \u0161to AFA nastavlja da okuplja sve ve\u0107i broj partnera oko zajedni\u010dke ideje sna\u017enijeg povezivanja regionalne filmske i televizijske industrije.\r\n            <\/p>\r\n\r\n            <blockquote class=\"pm-quote\">\r\n                <p>\r\n                    <em>\u201eVjerujem da zajedno gradimo platformu koja mo\u017ee dodatno povezati na\u0161u filmsku i televizijsku industriju. Na taj na\u010din dajemo ve\u0107u vidljivost talentima i ostvarenjima iz cijelog regiona, ali i kreiramo prilike za nove saradnje i vrijedna ostvarenja\u201c<\/em>, kazao je <strong>Marjanovi\u0107<\/strong>.\r\n                <\/p>\r\n            <\/blockquote>\r\n\r\n            <p>\r\n                <strong>Osniva\u010d Sarajevo Film Festivala i jedan od inicijatora Filmske i TV Akademije Jadranske regije Mirsad Purivatra<\/strong> istakao je zadovoljstvo \u0161to AFA okuplja filmske i televizijske profesionalce iz cijelog regiona. Zahvalio je Filmskom centru Crne Gore i kompaniji Strategist, ekskluzivnom partneru AFA-e u Crnoj Gori, na doprinosu razvoju ove regionalne inicijative.\r\n            <\/p>\r\n\r\n            <blockquote class=\"pm-quote\">\r\n                <p>\r\n                    <em>\u201eRaduje me \u0161to se vra\u0107amo u Crnu Goru i uvjeren sam da \u0107e drugo izdanje AFA biti jo\u0161 bolje i sadr\u017eajnije. Ove godine u izboru imamo oko 30 filmova i 6 televizijskih serija, a do zavr\u0161etka glasanja ostalo je jo\u0161 svega nekoliko dana, zato pozivam \u010dlanove Akademije da glasaju i u\u010destvuju u izboru najboljih ostvarenja i autora iz regiona\u201c<\/em>, kazao je <strong>Purivatra<\/strong>.\r\n                <\/p>\r\n            <\/blockquote>\r\n\r\n            <p>\r\n                Otvaranje drugog izdanja Filmskih i TV nagrada Jadranskog regiona bi\u0107e organizovano na \u017di\u010dari Kotor\u2013Lov\u0107en, dok \u0107e tokom trodnevnog programa u Porto Montenegru biti odr\u017eana sve\u010dana ceremonija dodjele deset nagrada filmskim i televizijskim ostvarenjima i autorima. U kategoriji filma bi\u0107e uru\u010deno sedam priznanja: za najbolji film, najbolju glavnu glumicu, najboljeg glavnog glumca, zvijezdu u usponu, najbolju re\u017eiju, najbolji scenario i najbolji debitantski film. Kategorija televizijskih serija obuhvata tri nagrade za najbolju seriju, najbolju glavnu glumicu i najboljeg glavnog glumca. Dio AFA vikenda \u010dini\u0107e i besplatne filmske projekcije nominovanih ostvarenja.\r\n            <\/p>\r\n\r\n            <p>\r\n                <strong>Direktorica \u017di\u010dare Kotor\u2013Lov\u0107en Ana Ivanovi\u0107<\/strong> istakla je da je privilegija \u0161to je \u017ei\u010dara dio Adriatic Film Awards-a.\r\n            <\/p>\r\n\r\n            <blockquote class=\"pm-quote\">\r\n                <p>\r\n                    <em>\u201e\u017di\u010dara Kotor\u2013Lov\u0107en, ba\u0161 kao i AFA, nastala je iz vizije da se stvori ne\u0161to novo \u0161to mo\u017ee promijeniti na\u010din na koji ljudi do\u017eivljavaju jednu destinaciju, povezati ih i doprinijeti razvoju \u010ditavog regiona. AFA slavi izuzetan talenat Jadranske regije, povezuje na\u0161e zemlje kroz film i televiziju, daju\u0107i na\u0161im pri\u010dama sna\u017eniji glas i ve\u0107u me\u0111unarodnu vidljivost. Zato smo posebno ponosni \u0161to \u0107e ova regionalna pri\u010da u oktobru po\u010deti upravo na \u017di\u010dari Kotor\u2013Lov\u0107en\u201c<\/em>, kazala je <strong>Ivanovi\u0107<\/strong>.\r\n                <\/p>\r\n            <\/blockquote>\r\n\r\n            <p>\r\n                <strong>Alexandru Avram, vi\u0161i rukovodilac za razvoj destinacije i doga\u0111aje Porto Montenegra<\/strong>, naglasio je zna\u010daj partnerstva sa AFA.\r\n            <\/p>\r\n\r\n            <blockquote class=\"pm-quote\">\r\n                <p>\r\n                    <em>\u201ePonosni smo \u0161to ponovo do\u010dekujemo Adriatic Film Awards u Porto Montenegru i \u0161to nastavljamo da gradimo va\u017eno mjesto susreta za filmsku i kreativnu industriju regiona. U sredi\u0161tu ovog partnerstva je zajedni\u010dka ambicija da stvorimo platformu za regionalne talente, kreativnu razmjenu i nova povezivanja. Na\u0161a trogodi\u0161nja posve\u0107enost AFA-i odra\u017eava na\u0161e uvjerenje u tu viziju i kreativni potencijal Jadranskog regiona\u201c<\/em>, kazao je <strong>Avram<\/strong>.\r\n                <\/p>\r\n            <\/blockquote>\r\n\r\n            <div class=\"pm-closing\">\r\n\r\n                <p>\r\n                    Adriatic Film Awards odr\u017eava se u organizaciji Filmske i TV Akademije Jadranske regije, koju su pokrenuli osniva\u010di Mre\u017ee festivala Jadranske regije \u2013 Sarajevo Film Festival, Festival autorskog filma Beograd i Zagreb Film Festival.\r\n                <\/p>\r\n\r\n            <\/div>\r\n\r\n        <\/div>\r\n\r\n    <\/div>\r\n\r\n<\/article>\t\t\t\t<\/div>\n\t\t\t\t\t<\/div>\n\t\t\t\t<\/div>\n\t\t\t\t<\/div>\n\t\t","protected":false},"excerpt":{"rendered":"<p>Adriatic Film Awards najavljen na Sarajevo Film Festivalu Sarajevo, 17. avgust 2026. godine \u2013 U okviru Sarajevo Film Festivala odr\u017ean je doga\u0111aj posve\u0107en drugom izdanju Adriatic Film Awards (AFA), koji \u0107e od 23. do 25. oktobra u Porto Montenegru okupiti filmske i televizijske autore i profesionalce iz cijelog regiona. AFA nagrade promovi\u0161u najbolje regionalno stvarala\u0161tvo [&hellip;]<\/p>\n","protected":false},"author":2,"featured_media":144438,"comment_status":"open","ping_status":"open","sticky":false,"template":"","format":"standard","meta":{"_acf_changed":false,"page_builder":"","footnotes":""},"categories":[191],"tags":[],"class_list":["post-144439","post","type-post","status-publish","format-standard","has-post-thumbnail","hentry","category-news-me"],"acf":[],"yoast_head":"<!-- This site is optimized with the Yoast SEO plugin v28.4 - https:\/\/yoast.com\/product\/yoast-seo-wordpress\/ -->\n<title>Adriatic Film Awards najavljen na Sarajevo Film Festivalu - Porto Montenegro<\/title>\n<meta name=\"robots\" content=\"index, follow, max-snippet:-1, max-image-preview:large, max-video-preview:-1\" \/>\n<link rel=\"canonical\" href=\"https:\/\/portomontenegro.com\/me\/adriatic-film-awards-najavljen-na-sarajevo-film-festivalu\/\" \/>\n<meta property=\"og:locale\" content=\"en_US\" \/>\n<meta property=\"og:type\" content=\"article\" \/>\n<meta property=\"og:title\" content=\"Adriatic Film Awards najavljen na Sarajevo Film Festivalu - Porto Montenegro\" \/>\n<meta property=\"og:description\" content=\"Adriatic Film Awards najavljen na Sarajevo Film Festivalu Sarajevo, 17. avgust 2026. godine \u2013 U okviru Sarajevo Film Festivala odr\u017ean je doga\u0111aj posve\u0107en drugom izdanju Adriatic Film Awards (AFA), koji \u0107e od 23. do 25. oktobra u Porto Montenegru okupiti filmske i televizijske autore i profesionalce iz cijelog regiona. AFA nagrade promovi\u0161u najbolje regionalno stvarala\u0161tvo [&hellip;]\" \/>\n<meta property=\"og:url\" content=\"https:\/\/portomontenegro.com\/me\/adriatic-film-awards-najavljen-na-sarajevo-film-festivalu\/\" \/>\n<meta property=\"og:site_name\" content=\"Porto Montenegro\" \/>\n<meta property=\"article:published_time\" content=\"2026-08-27T13:13:30+00:00\" \/>\n<meta property=\"article:modified_time\" content=\"2026-08-28T08:29:00+00:00\" \/>\n<meta property=\"og:image\" content=\"https:\/\/portomontenegro.com\/wp-content\/uploads\/2026\/08\/Photo-1-scaled.webp\" \/>\n\t<meta property=\"og:image:width\" content=\"2560\" \/>\n\t<meta property=\"og:image:height\" content=\"1703\" \/>\n\t<meta property=\"og:image:type\" content=\"image\/webp\" \/>\n<meta name=\"author\" content=\"Luka Bulatovic\" \/>\n<meta name=\"twitter:card\" content=\"summary_large_image\" \/>\n<meta name=\"twitter:label1\" content=\"Written by\" \/>\n\t<meta name=\"twitter:data1\" content=\"Luka Bulatovic\" \/>\n\t<meta name=\"twitter:label2\" content=\"Est. reading time\" \/>\n\t<meta name=\"twitter:data2\" content=\"2 minutes\" \/>\n<script type=\"application\/ld+json\" class=\"yoast-schema-graph\">{\"@context\":\"https:\\\/\\\/schema.org\",\"@graph\":[{\"@type\":\"Article\",\"@id\":\"https:\\\/\\\/portomontenegro.com\\\/me\\\/adriatic-film-awards-najavljen-na-sarajevo-film-festivalu\\\/#article\",\"isPartOf\":{\"@id\":\"https:\\\/\\\/portomontenegro.com\\\/me\\\/adriatic-film-awards-najavljen-na-sarajevo-film-festivalu\\\/\"},\"author\":{\"name\":\"Luka Bulatovic\",\"@id\":\"https:\\\/\\\/portomontenegro.com\\\/me\\\/#\\\/schema\\\/person\\\/dbd8b71cc7d12e67ae18a89c757660f5\"},\"headline\":\"Adriatic Film Awards najavljen na Sarajevo Film Festivalu\",\"datePublished\":\"2026-08-27T13:13:30+00:00\",\"dateModified\":\"2026-08-28T08:29:00+00:00\",\"mainEntityOfPage\":{\"@id\":\"https:\\\/\\\/portomontenegro.com\\\/me\\\/adriatic-film-awards-najavljen-na-sarajevo-film-festivalu\\\/\"},\"wordCount\":624,\"commentCount\":0,\"image\":{\"@id\":\"https:\\\/\\\/portomontenegro.com\\\/me\\\/adriatic-film-awards-najavljen-na-sarajevo-film-festivalu\\\/#primaryimage\"},\"thumbnailUrl\":\"https:\\\/\\\/portomontenegro.com\\\/wp-content\\\/uploads\\\/2026\\\/08\\\/Photo-1-scaled.webp\",\"articleSection\":[\"News\"],\"inLanguage\":\"sr-ME\",\"potentialAction\":[{\"@type\":\"CommentAction\",\"name\":\"Comment\",\"target\":[\"https:\\\/\\\/portomontenegro.com\\\/me\\\/adriatic-film-awards-najavljen-na-sarajevo-film-festivalu\\\/#respond\"]}]},{\"@type\":\"WebPage\",\"@id\":\"https:\\\/\\\/portomontenegro.com\\\/me\\\/adriatic-film-awards-najavljen-na-sarajevo-film-festivalu\\\/\",\"url\":\"https:\\\/\\\/portomontenegro.com\\\/me\\\/adriatic-film-awards-najavljen-na-sarajevo-film-festivalu\\\/\",\"name\":\"Adriatic Film Awards najavljen na Sarajevo Film Festivalu - Porto Montenegro\",\"isPartOf\":{\"@id\":\"https:\\\/\\\/portomontenegro.com\\\/me\\\/#website\"},\"primaryImageOfPage\":{\"@id\":\"https:\\\/\\\/portomontenegro.com\\\/me\\\/adriatic-film-awards-najavljen-na-sarajevo-film-festivalu\\\/#primaryimage\"},\"image\":{\"@id\":\"https:\\\/\\\/portomontenegro.com\\\/me\\\/adriatic-film-awards-najavljen-na-sarajevo-film-festivalu\\\/#primaryimage\"},\"thumbnailUrl\":\"https:\\\/\\\/portomontenegro.com\\\/wp-content\\\/uploads\\\/2026\\\/08\\\/Photo-1-scaled.webp\",\"datePublished\":\"2026-08-27T13:13:30+00:00\",\"dateModified\":\"2026-08-28T08:29:00+00:00\",\"author\":{\"@id\":\"https:\\\/\\\/portomontenegro.com\\\/me\\\/#\\\/schema\\\/person\\\/dbd8b71cc7d12e67ae18a89c757660f5\"},\"breadcrumb\":{\"@id\":\"https:\\\/\\\/portomontenegro.com\\\/me\\\/adriatic-film-awards-najavljen-na-sarajevo-film-festivalu\\\/#breadcrumb\"},\"inLanguage\":\"sr-ME\",\"potentialAction\":[{\"@type\":\"ReadAction\",\"target\":[\"https:\\\/\\\/portomontenegro.com\\\/me\\\/adriatic-film-awards-najavljen-na-sarajevo-film-festivalu\\\/\"]}]},{\"@type\":\"ImageObject\",\"inLanguage\":\"sr-ME\",\"@id\":\"https:\\\/\\\/portomontenegro.com\\\/me\\\/adriatic-film-awards-najavljen-na-sarajevo-film-festivalu\\\/#primaryimage\",\"url\":\"https:\\\/\\\/portomontenegro.com\\\/wp-content\\\/uploads\\\/2026\\\/08\\\/Photo-1-scaled.webp\",\"contentUrl\":\"https:\\\/\\\/portomontenegro.com\\\/wp-content\\\/uploads\\\/2026\\\/08\\\/Photo-1-scaled.webp\",\"width\":2560,\"height\":1703,\"caption\":\"Adriatic Film Awards najavljen na Sarajevo Film Festivalu Sarajevo, 17. avgust 2026. godine\"},{\"@type\":\"BreadcrumbList\",\"@id\":\"https:\\\/\\\/portomontenegro.com\\\/me\\\/adriatic-film-awards-najavljen-na-sarajevo-film-festivalu\\\/#breadcrumb\",\"itemListElement\":[{\"@type\":\"ListItem\",\"position\":1,\"name\":\"Home\",\"item\":\"https:\\\/\\\/portomontenegro.com\\\/me\\\/\"},{\"@type\":\"ListItem\",\"position\":2,\"name\":\"Adriatic Film Awards najavljen na Sarajevo Film Festivalu\"}]},{\"@type\":\"WebSite\",\"@id\":\"https:\\\/\\\/portomontenegro.com\\\/me\\\/#website\",\"url\":\"https:\\\/\\\/portomontenegro.com\\\/me\\\/\",\"name\":\"Porto Montenegro\",\"description\":\"\",\"potentialAction\":[{\"@type\":\"SearchAction\",\"target\":{\"@type\":\"EntryPoint\",\"urlTemplate\":\"https:\\\/\\\/portomontenegro.com\\\/me\\\/?s={search_term_string}\"},\"query-input\":{\"@type\":\"PropertyValueSpecification\",\"valueRequired\":true,\"valueName\":\"search_term_string\"}}],\"inLanguage\":\"sr-ME\"},{\"@type\":\"Person\",\"@id\":\"https:\\\/\\\/portomontenegro.com\\\/me\\\/#\\\/schema\\\/person\\\/dbd8b71cc7d12e67ae18a89c757660f5\",\"name\":\"Luka Bulatovic\",\"image\":{\"@type\":\"ImageObject\",\"inLanguage\":\"sr-ME\",\"@id\":\"https:\\\/\\\/secure.gravatar.com\\\/avatar\\\/686c09e8fa6ff73624c8dd137821ccb5ab09f676c73f00fd81878d721f7fa57e?s=96&d=mm&r=g\",\"url\":\"https:\\\/\\\/secure.gravatar.com\\\/avatar\\\/686c09e8fa6ff73624c8dd137821ccb5ab09f676c73f00fd81878d721f7fa57e?s=96&d=mm&r=g\",\"contentUrl\":\"https:\\\/\\\/secure.gravatar.com\\\/avatar\\\/686c09e8fa6ff73624c8dd137821ccb5ab09f676c73f00fd81878d721f7fa57e?s=96&d=mm&r=g\",\"caption\":\"Luka Bulatovic\"},\"sameAs\":[\"https:\\\/\\\/portomontenegro.com\"],\"url\":\"https:\\\/\\\/portomontenegro.com\\\/me\\\/author\\\/lbulatovic\\\/\"}]}<\/script>\n<!-- \/ Yoast SEO plugin. -->","yoast_head_json":{"title":"Adriatic Film Awards najavljen na Sarajevo Film Festivalu - Porto Montenegro","robots":{"index":"index","follow":"follow","max-snippet":"max-snippet:-1","max-image-preview":"max-image-preview:large","max-video-preview":"max-video-preview:-1"},"canonical":"https:\/\/portomontenegro.com\/me\/adriatic-film-awards-najavljen-na-sarajevo-film-festivalu\/","og_locale":"en_US","og_type":"article","og_title":"Adriatic Film Awards najavljen na Sarajevo Film Festivalu - Porto Montenegro","og_description":"Adriatic Film Awards najavljen na Sarajevo Film Festivalu Sarajevo, 17. avgust 2026. godine \u2013 U okviru Sarajevo Film Festivala odr\u017ean je doga\u0111aj posve\u0107en drugom izdanju Adriatic Film Awards (AFA), koji \u0107e od 23. do 25. oktobra u Porto Montenegru okupiti filmske i televizijske autore i profesionalce iz cijelog regiona. AFA nagrade promovi\u0161u najbolje regionalno stvarala\u0161tvo [&hellip;]","og_url":"https:\/\/portomontenegro.com\/me\/adriatic-film-awards-najavljen-na-sarajevo-film-festivalu\/","og_site_name":"Porto Montenegro","article_published_time":"2026-08-27T13:13:30+00:00","article_modified_time":"2026-08-28T08:29:00+00:00","og_image":[{"width":2560,"height":1703,"url":"https:\/\/portomontenegro.com\/wp-content\/uploads\/2026\/08\/Photo-1-scaled.webp","type":"image\/webp"}],"author":"Luka Bulatovic","twitter_card":"summary_large_image","twitter_misc":{"Written by":"Luka Bulatovic","Est. reading time":"2 minutes"},"schema":{"@context":"https:\/\/schema.org","@graph":[{"@type":"Article","@id":"https:\/\/portomontenegro.com\/me\/adriatic-film-awards-najavljen-na-sarajevo-film-festivalu\/#article","isPartOf":{"@id":"https:\/\/portomontenegro.com\/me\/adriatic-film-awards-najavljen-na-sarajevo-film-festivalu\/"},"author":{"name":"Luka Bulatovic","@id":"https:\/\/portomontenegro.com\/me\/#\/schema\/person\/dbd8b71cc7d12e67ae18a89c757660f5"},"headline":"Adriatic Film Awards najavljen na Sarajevo Film Festivalu","datePublished":"2026-08-27T13:13:30+00:00","dateModified":"2026-08-28T08:29:00+00:00","mainEntityOfPage":{"@id":"https:\/\/portomontenegro.com\/me\/adriatic-film-awards-najavljen-na-sarajevo-film-festivalu\/"},"wordCount":624,"commentCount":0,"image":{"@id":"https:\/\/portomontenegro.com\/me\/adriatic-film-awards-najavljen-na-sarajevo-film-festivalu\/#primaryimage"},"thumbnailUrl":"https:\/\/portomontenegro.com\/wp-content\/uploads\/2026\/08\/Photo-1-scaled.webp","articleSection":["News"],"inLanguage":"sr-ME","potentialAction":[{"@type":"CommentAction","name":"Comment","target":["https:\/\/portomontenegro.com\/me\/adriatic-film-awards-najavljen-na-sarajevo-film-festivalu\/#respond"]}]},{"@type":"WebPage","@id":"https:\/\/portomontenegro.com\/me\/adriatic-film-awards-najavljen-na-sarajevo-film-festivalu\/","url":"https:\/\/portomontenegro.com\/me\/adriatic-film-awards-najavljen-na-sarajevo-film-festivalu\/","name":"Adriatic Film Awards najavljen na Sarajevo Film Festivalu - Porto Montenegro","isPartOf":{"@id":"https:\/\/portomontenegro.com\/me\/#website"},"primaryImageOfPage":{"@id":"https:\/\/portomontenegro.com\/me\/adriatic-film-awards-najavljen-na-sarajevo-film-festivalu\/#primaryimage"},"image":{"@id":"https:\/\/portomontenegro.com\/me\/adriatic-film-awards-najavljen-na-sarajevo-film-festivalu\/#primaryimage"},"thumbnailUrl":"https:\/\/portomontenegro.com\/wp-content\/uploads\/2026\/08\/Photo-1-scaled.webp","datePublished":"2026-08-27T13:13:30+00:00","dateModified":"2026-08-28T08:29:00+00:00","author":{"@id":"https:\/\/portomontenegro.com\/me\/#\/schema\/person\/dbd8b71cc7d12e67ae18a89c757660f5"},"breadcrumb":{"@id":"https:\/\/portomontenegro.com\/me\/adriatic-film-awards-najavljen-na-sarajevo-film-festivalu\/#breadcrumb"},"inLanguage":"sr-ME","potentialAction":[{"@type":"ReadAction","target":["https:\/\/portomontenegro.com\/me\/adriatic-film-awards-najavljen-na-sarajevo-film-festivalu\/"]}]},{"@type":"ImageObject","inLanguage":"sr-ME","@id":"https:\/\/portomontenegro.com\/me\/adriatic-film-awards-najavljen-na-sarajevo-film-festivalu\/#primaryimage","url":"https:\/\/portomontenegro.com\/wp-content\/uploads\/2026\/08\/Photo-1-scaled.webp","contentUrl":"https:\/\/portomontenegro.com\/wp-content\/uploads\/2026\/08\/Photo-1-scaled.webp","width":2560,"height":1703,"caption":"Adriatic Film Awards najavljen na Sarajevo Film Festivalu Sarajevo, 17. avgust 2026. godine"},{"@type":"BreadcrumbList","@id":"https:\/\/portomontenegro.com\/me\/adriatic-film-awards-najavljen-na-sarajevo-film-festivalu\/#breadcrumb","itemListElement":[{"@type":"ListItem","position":1,"name":"Home","item":"https:\/\/portomontenegro.com\/me\/"},{"@type":"ListItem","position":2,"name":"Adriatic Film Awards najavljen na Sarajevo Film Festivalu"}]},{"@type":"WebSite","@id":"https:\/\/portomontenegro.com\/me\/#website","url":"https:\/\/portomontenegro.com\/me\/","name":"Porto Montenegro","description":"","potentialAction":[{"@type":"SearchAction","target":{"@type":"EntryPoint","urlTemplate":"https:\/\/portomontenegro.com\/me\/?s={search_term_string}"},"query-input":{"@type":"PropertyValueSpecification","valueRequired":true,"valueName":"search_term_string"}}],"inLanguage":"sr-ME"},{"@type":"Person","@id":"https:\/\/portomontenegro.com\/me\/#\/schema\/person\/dbd8b71cc7d12e67ae18a89c757660f5","name":"Luka Bulatovic","image":{"@type":"ImageObject","inLanguage":"sr-ME","@id":"https:\/\/secure.gravatar.com\/avatar\/686c09e8fa6ff73624c8dd137821ccb5ab09f676c73f00fd81878d721f7fa57e?s=96&d=mm&r=g","url":"https:\/\/secure.gravatar.com\/avatar\/686c09e8fa6ff73624c8dd137821ccb5ab09f676c73f00fd81878d721f7fa57e?s=96&d=mm&r=g","contentUrl":"https:\/\/secure.gravatar.com\/avatar\/686c09e8fa6ff73624c8dd137821ccb5ab09f676c73f00fd81878d721f7fa57e?s=96&d=mm&r=g","caption":"Luka Bulatovic"},"sameAs":["https:\/\/portomontenegro.com"],"url":"https:\/\/portomontenegro.com\/me\/author\/lbulatovic\/"}]}},"_links":{"self":[{"href":"https:\/\/portomontenegro.com\/me\/wp-json\/wp\/v2\/posts\/144439","targetHints":{"allow":["GET"]}}],"collection":[{"href":"https:\/\/portomontenegro.com\/me\/wp-json\/wp\/v2\/posts"}],"about":[{"href":"https:\/\/portomontenegro.com\/me\/wp-json\/wp\/v2\/types\/post"}],"author":[{"embeddable":true,"href":"https:\/\/portomontenegro.com\/me\/wp-json\/wp\/v2\/users\/2"}],"replies":[{"embeddable":true,"href":"https:\/\/portomontenegro.com\/me\/wp-json\/wp\/v2\/comments?post=144439"}],"version-history":[{"count":12,"href":"https:\/\/portomontenegro.com\/me\/wp-json\/wp\/v2\/posts\/144439\/revisions"}],"predecessor-version":[{"id":144458,"href":"https:\/\/portomontenegro.com\/me\/wp-json\/wp\/v2\/posts\/144439\/revisions\/144458"}],"wp:featuredmedia":[{"embeddable":true,"href":"https:\/\/portomontenegro.com\/me\/wp-json\/wp\/v2\/media\/144438"}],"wp:attachment":[{"href":"https:\/\/portomontenegro.com\/me\/wp-json\/wp\/v2\/media?parent=144439"}],"wp:term":[{"taxonomy":"category","embeddable":true,"href":"https:\/\/portomontenegro.com\/me\/wp-json\/wp\/v2\/categories?post=144439"},{"taxonomy":"post_tag","embeddable":true,"href":"https:\/\/portomontenegro.com\/me\/wp-json\/wp\/v2\/tags?post=144439"}],"curies":[{"name":"wp","href":"https:\/\/api.w.org\/{rel}","templated":true}]}}